{"id":3724,"date":"2021-04-30T18:23:13","date_gmt":"2021-04-30T18:23:13","guid":{"rendered":"http:\/\/residenciajosepujol.crbrosdev.com\/?p=3724"},"modified":"2021-05-31T20:23:41","modified_gmt":"2021-05-31T20:23:41","slug":"dia-adulto-mayor","status":"publish","type":"post","link":"https:\/\/residenciajosepujol.com\/index.php\/2021\/04\/30\/dia-adulto-mayor\/","title":{"rendered":"D\u00eda del adulto mayor"},"content":{"rendered":"\t\t<div data-elementor-type=\"wp-post\" data-elementor-id=\"3724\" class=\"elementor elementor-3724\" data-elementor-settings=\"[]\">\n\t\t\t\t\t\t<div class=\"elementor-inner\">\n\t\t\t\t\t\t\t<div class=\"elementor-section-wrap\">\n\t\t\t\t\t\t\t<section class=\"elementor-section elementor-top-section elementor-element elementor-element-71562aa0 elementor-section-boxed elementor-section-height-default elementor-section-height-default\" data-id=\"71562aa0\" data-element_type=\"section\">\n\t\t\t\t\t\t<div class=\"elementor-container elementor-column-gap-default\">\n\t\t\t\t\t\t\t<div class=\"elementor-row\">\n\t\t\t\t\t<div class=\"elementor-column elementor-col-100 elementor-top-column elementor-element elementor-element-11bd2d20\" data-id=\"11bd2d20\" data-element_type=\"column\">\n\t\t\t<div class=\"elementor-column-wrap elementor-element-populated\">\n\t\t\t\t\t\t\t<div class=\"elementor-widget-wrap\">\n\t\t\t\t\t\t<div class=\"elementor-element elementor-element-7d39a190 elementor-widget elementor-widget-text-editor\" data-id=\"7d39a190\" data-element_type=\"widget\" data-widget_type=\"text-editor.default\">\n\t\t\t\t<div class=\"elementor-widget-container\">\n\t\t\t\t\t\t\t\t<div class=\"elementor-text-editor elementor-clearfix\">\n\t\t\t\t\tA finales del mes de octubre, celebramos en nuestra Residencia, el d\u00eda del \u00abADULTO MAYOR\u00bb. El requisito para participar en dicha actividad, consist\u00eda en presentarse con una vestimenta diferente a la que usamos normalmente. Todos nuestros residentes, desde d\u00edas o semanas antes, algunos en compa\u00f1\u00eda de familiares y casi en su mayor\u00eda asesorados por nuestras Licenciadas de enfermer\u00eda (Xiomara) y terapia f\u00edsica (Ana Mar\u00eda), eligieron libremente el vestido y la forma como se presentar\u00edan para el disfrute del d\u00eda dedicado a ellos. Compartimos una agradable tarde, llena de sonrisas, sorpresas y concursos; adem\u00e1s compartimos un delicioso queque, con 31 candelitas, en honor a cada uno de los 31 adultos mayores que viven en nuestra Instiutuci\u00f3n y dando gracias a Dios por haber cumplido un a\u00f1o m\u00e1s de ser \u00abADULTO MAYOR\u00bb. Finalizamos con la participaci\u00f3n y animaci\u00f3n de una conocida comparsa, quienes con su ritmo, baile y juventud, llenaron de m\u00fasica, bullicio y alegr\u00eda nuestro lugar de reuni\u00f3n.\t\t\t\t\t<\/div>\n\t\t\t\t\t\t<\/div>\n\t\t\t\t<\/div>\n\t\t\t\t\t\t<\/div>\n\t\t\t\t\t<\/div>\n\t\t<\/div>\n\t\t\t\t\t\t\t\t<\/div>\n\t\t\t\t\t<\/div>\n\t\t<\/section>\n\t\t\t\t<section class=\"elementor-section elementor-top-section elementor-element elementor-element-7ba0bed elementor-section-boxed elementor-section-height-default elementor-section-height-default\" data-id=\"7ba0bed\" data-element_type=\"section\">\n\t\t\t\t\t\t<div class=\"elementor-container elementor-column-gap-default\">\n\t\t\t\t\t\t\t<div class=\"elementor-row\">\n\t\t\t\t\t<div class=\"elementor-column elementor-col-100 elementor-top-column elementor-element elementor-element-3d49c5a\" data-id=\"3d49c5a\" data-element_type=\"column\">\n\t\t\t<div class=\"elementor-column-wrap elementor-element-populated\">\n\t\t\t\t\t\t\t<div class=\"elementor-widget-wrap\">\n\t\t\t\t\t\t<div class=\"elementor-element elementor-element-2a267cd elementor-widget elementor-widget-gallery\" data-id=\"2a267cd\" data-element_type=\"widget\" data-settings=\"{&quot;lazyload&quot;:&quot;yes&quot;,&quot;gallery_layout&quot;:&quot;grid&quot;,&quot;columns&quot;:4,&quot;columns_tablet&quot;:2,&quot;columns_mobile&quot;:1,&quot;gap&quot;:{&quot;unit&quot;:&quot;px&quot;,&quot;size&quot;:10,&quot;sizes&quot;:[]},&quot;gap_tablet&quot;:{&quot;unit&quot;:&quot;px&quot;,&quot;size&quot;:10,&quot;sizes&quot;:[]},&quot;gap_mobile&quot;:{&quot;unit&quot;:&quot;px&quot;,&quot;size&quot;:10,&quot;sizes&quot;:[]},&quot;link_to&quot;:&quot;file&quot;,&quot;aspect_ratio&quot;:&quot;3:2&quot;,&quot;overlay_background&quot;:&quot;yes&quot;,&quot;content_hover_animation&quot;:&quot;fade-in&quot;}\" data-widget_type=\"gallery.default\">\n\t\t\t\t<div class=\"elementor-widget-container\">\n\t\t\t\t\t<div class=\"elementor-gallery__container\">\n\t\t\t\t\t\t\t<a class=\"e-gallery-item elementor-gallery-item elementor-animated-content\" href=\"https:\/\/residenciajosepujol.com\/wp-content\/uploads\/2021\/05\/DIA-DEL-ADULTO2.jpg\" data-elementor-open-lightbox=\"yes\" data-elementor-lightbox-slideshow=\"all-2a267cd\" data-elementor-lightbox-title=\"DIA DEL ADULTO2\">\n\t\t\t\t\t<div class=\"e-gallery-image elementor-gallery-item__image\" data-thumbnail=\"https:\/\/residenciajosepujol.com\/wp-content\/uploads\/2021\/05\/DIA-DEL-ADULTO2-300x300.jpg\" data-width=\"300\" data-height=\"300\" alt=\"\" ><\/div>\n\t\t\t\t\t\t\t\t\t\t<div class=\"elementor-gallery-item__overlay\"><\/div>\n\t\t\t\t\t\t\t\t\t\t\t\t\t\t<\/a>\n\t\t\t\t\t<\/div>\n\t\t\t<\/div>\n\t\t\t\t<\/div>\n\t\t\t\t\t\t<\/div>\n\t\t\t\t\t<\/div>\n\t\t<\/div>\n\t\t\t\t\t\t\t\t<\/div>\n\t\t\t\t\t<\/div>\n\t\t<\/section>\n\t\t\t\t\t\t<\/div>\n\t\t\t\t\t\t<\/div>\n\t\t\t\t\t<\/div>\n\t\t","protected":false},"excerpt":{"rendered":"<p>A finales del mes de octubre, celebramos en nuestra Residencia, el d\u00eda del \u00abADULTO MAYOR\u00bb. El requisito para participar en dicha actividad, consist\u00eda en presentarse con una vestimenta diferente a la que usamos normalmente. Todos nuestros residentes, desde d\u00edas o semanas antes, algunos en compa\u00f1\u00eda de familiares y casi en su mayor\u00eda asesorados por nuestras&hellip;<\/p>\n","protected":false},"author":1,"featured_media":3882,"comment_status":"open","ping_status":"open","sticky":false,"template":"","format":"standard","meta":[],"categories":[1],"tags":[],"class_list":["post-3724","post","type-post","status-publish","format-standard","has-post-thumbnail","hentry","category-sin-categoria","category-1","description-off"],"_links":{"self":[{"href":"https:\/\/residenciajosepujol.com\/index.php\/wp-json\/wp\/v2\/posts\/3724","targetHints":{"allow":["GET"]}}],"collection":[{"href":"https:\/\/residenciajosepujol.com\/index.php\/wp-json\/wp\/v2\/posts"}],"about":[{"href":"https:\/\/residenciajosepujol.com\/index.php\/wp-json\/wp\/v2\/types\/post"}],"author":[{"embeddable":true,"href":"https:\/\/residenciajosepujol.com\/index.php\/wp-json\/wp\/v2\/users\/1"}],"replies":[{"embeddable":true,"href":"https:\/\/residenciajosepujol.com\/index.php\/wp-json\/wp\/v2\/comments?post=3724"}],"version-history":[{"count":10,"href":"https:\/\/residenciajosepujol.com\/index.php\/wp-json\/wp\/v2\/posts\/3724\/revisions"}],"predecessor-version":[{"id":3886,"href":"https:\/\/residenciajosepujol.com\/index.php\/wp-json\/wp\/v2\/posts\/3724\/revisions\/3886"}],"wp:featuredmedia":[{"embeddable":true,"href":"https:\/\/residenciajosepujol.com\/index.php\/wp-json\/wp\/v2\/media\/3882"}],"wp:attachment":[{"href":"https:\/\/residenciajosepujol.com\/index.php\/wp-json\/wp\/v2\/media?parent=3724"}],"wp:term":[{"taxonomy":"category","embeddable":true,"href":"https:\/\/residenciajosepujol.com\/index.php\/wp-json\/wp\/v2\/categories?post=3724"},{"taxonomy":"post_tag","embeddable":true,"href":"https:\/\/residenciajosepujol.com\/index.php\/wp-json\/wp\/v2\/tags?post=3724"}],"curies":[{"name":"wp","href":"https:\/\/api.w.org\/{rel}","templated":true}]}}